{"id":9335,"date":"2023-06-27T09:05:22","date_gmt":"2023-06-27T09:05:22","guid":{"rendered":"http:\/\/ka229tilt.iessansebastian.com\/?p=9335"},"modified":"2023-06-27T09:06:13","modified_gmt":"2023-06-27T09:06:13","slug":"practica-maes-master-universitario-en-formacion-del-profesorado-21-22","status":"publish","type":"post","link":"https:\/\/ka229tilt.iessansebastian.com\/index.php\/2023\/06\/27\/practica-maes-master-universitario-en-formacion-del-profesorado-21-22\/","title":{"rendered":"Pr\u00e1ctica MAES \u00abM\u00e1ster Universitario en Formaci\u00f3n del Profesorado\u00bb 21\/22"},"content":{"rendered":"\t\t<div data-elementor-type=\"wp-post\" data-elementor-id=\"9335\" class=\"elementor elementor-9335\" data-elementor-settings=\"[]\">\n\t\t\t\t\t\t<div class=\"elementor-inner\">\n\t\t\t\t\t\t\t<div class=\"elementor-section-wrap\">\n\t\t\t\t\t\t\t<section class=\"elementor-section elementor-top-section elementor-element elementor-element-1d58ffc elementor-section-boxed elementor-section-height-default elementor-section-height-default\" data-id=\"1d58ffc\" data-element_type=\"section\">\n\t\t\t\t\t\t<div class=\"elementor-container elementor-column-gap-default\">\n\t\t\t\t\t\t\t<div class=\"elementor-row\">\n\t\t\t\t\t<div class=\"elementor-column elementor-col-100 elementor-top-column elementor-element elementor-element-d990d9d\" data-id=\"d990d9d\" data-element_type=\"column\">\n\t\t\t<div class=\"elementor-column-wrap elementor-element-populated\">\n\t\t\t\t\t\t\t<div class=\"elementor-widget-wrap\">\n\t\t\t\t\t\t<div class=\"elementor-element elementor-element-cb31a01 elementor-widget elementor-widget-heading\" data-id=\"cb31a01\" data-element_type=\"widget\" data-widget_type=\"heading.default\">\n\t\t\t\t<div class=\"elementor-widget-container\">\n\t\t\t<h2 class=\"elementor-heading-title elementor-size-default\"><p style=\"color: rgb(0, 0, 0); font-family: Arial, Tahoma, Helvetica, FreeSans, sans-serif; font-size: 14.85px; font-style: normal; font-weight: 400; white-space-collapse: collapse; text-align: right;\">Mayo 2022<\/p><p style=\"color: rgb(0, 0, 0); font-family: Arial, Tahoma, Helvetica, FreeSans, sans-serif; font-size: 14.85px; font-style: normal; font-weight: 400; white-space-collapse: collapse;\"><br><\/p><p style=\"color: rgb(0, 0, 0); font-family: Arial, Tahoma, Helvetica, FreeSans, sans-serif; font-size: 14.85px; font-style: normal; font-weight: 400; white-space-collapse: collapse;\">LOS ALUMNOS EN PR\u00c1CTICAS DEL M\u00c1STER UNIVERSITARIO DEL PROFESORADO 21\/22 PARTICIPAN EN EL HUERTO DEL IES SAN SEBASTI\u00c1N DURANTE LOS MESES DE&nbsp; MAYO Y JUNIO (2022)<\/p><p style=\"color: rgb(0, 0, 0); font-family: Arial, Tahoma, Helvetica, FreeSans, sans-serif; font-size: 14.85px; font-style: normal; font-weight: 400; white-space-collapse: collapse;\">El alumnado en pr\u00e1cticas del IES San Sebasti\u00e1n de Biolog\u00eda y Geolog\u00eda participan en la asignatura Huerto del curso 1\u00ba de la ESO y en el Programa de Innovaci\u00f3n de ALDEA de la Junta de Andaluc\u00eda y el Proyectos Erasmus+ KA229 (TILT). Se trabaja en un huerto ecol\u00f3gico en la que se realizan diferentes pr\u00e1cticas hort\u00edcolas.&nbsp;<\/p><p style=\"color: rgb(0, 0, 0); font-family: Arial, Tahoma, Helvetica, FreeSans, sans-serif; font-size: 14.85px; font-style: normal; font-weight: 400; white-space-collapse: collapse;\">Se han realizado:<\/p><p style=\"color: rgb(0, 0, 0); font-family: Arial, Tahoma, Helvetica, FreeSans, sans-serif; font-size: 14.85px; font-style: normal; font-weight: 400; white-space-collapse: collapse;\">- Canales para el regad\u00edo de la plantas.<\/p><p style=\"color: rgb(0, 0, 0); font-family: Arial, Tahoma, Helvetica, FreeSans, sans-serif; font-size: 14.85px; font-style: normal; font-weight: 400; white-space-collapse: collapse;\">- Abono utilizando humus de lombriz<\/p><p style=\"color: rgb(0, 0, 0); font-family: Arial, Tahoma, Helvetica, FreeSans, sans-serif; font-size: 14.85px; font-style: normal; font-weight: 400; white-space-collapse: collapse;\">- Prevenci\u00f3n de plagas de pulgones aplicando un insecticida ecol\u00f3gico creado con: jab\u00f3n pot\u00e1sico, vinagre y alcohol<\/p><p style=\"color: rgb(0, 0, 0); font-family: Arial, Tahoma, Helvetica, FreeSans, sans-serif; font-size: 14.85px; font-style: normal; font-weight: 400; white-space-collapse: collapse;\">- Plaguicida ecol\u00f3gico que consist\u00edan en trampas que ataren a los machos de&nbsp;<i>Tuta&nbsp;<\/i>absoluta, para evitar el crecimiento de la poblaci\u00f3n.<\/p><p style=\"color: rgb(0, 0, 0); font-family: Arial, Tahoma, Helvetica, FreeSans, sans-serif; font-size: 14.85px; font-style: normal; font-weight: 400; white-space-collapse: collapse;\">- Cubrir las plantas con paja para minimizar la p\u00e9rdida de agua.<\/p><p style=\"color: rgb(0, 0, 0); font-family: Arial, Tahoma, Helvetica, FreeSans, sans-serif; font-size: 14.85px; font-style: normal; font-weight: 400; white-space-collapse: collapse;\">- Plantaciones de tomates, calabacines, tirabeques y pimientos-<\/p><p style=\"color: rgb(0, 0, 0); font-family: Arial, Tahoma, Helvetica, FreeSans, sans-serif; font-size: 14.85px; font-style: normal; font-weight: 400; white-space-collapse: collapse;\"><br><\/p><div class=\"separator\" style=\"color: rgb(0, 0, 0); font-family: Arial, Tahoma, Helvetica, FreeSans, sans-serif; font-size: 14.85px; font-weight: 400; white-space-collapse: collapse; clear: both; text-align: center;\"><a href=\"https:\/\/blogger.googleusercontent.com\/img\/b\/R29vZ2xl\/AVvXsEj8cUjqTOGmRzw7aLhMsDDlW4wEOQnsDp2P3QrmFd-3Msra2LHLj3iH6HOUZWHfxZIeow2F2utICKoxxBlIwIzz8bcmp_DmveNYmB7nllP53xBUuUXTrtXC2PMa7ksZJjwU8sMadoUqOFcZh4nkidFw5YCWSQZIw8QWWxCKA1MHXu8QLt-Yu_RgwSPV\/s2000\/WhatsApp%20Image%202022-06-08%20at%208.21.57%20PM.jpeg\" style=\"color: rgb(46, 46, 138); margin-left: 1em; margin-right: 1em;\"><img loading=\"lazy\" decoding=\"async\" border=\"0\" data-original-height=\"1500\" data-original-width=\"2000\" height=\"240\" src=\"https:\/\/blogger.googleusercontent.com\/img\/b\/R29vZ2xl\/AVvXsEj8cUjqTOGmRzw7aLhMsDDlW4wEOQnsDp2P3QrmFd-3Msra2LHLj3iH6HOUZWHfxZIeow2F2utICKoxxBlIwIzz8bcmp_DmveNYmB7nllP53xBUuUXTrtXC2PMa7ksZJjwU8sMadoUqOFcZh4nkidFw5YCWSQZIw8QWWxCKA1MHXu8QLt-Yu_RgwSPV\/s320\/WhatsApp%20Image%202022-06-08%20at%208.21.57%20PM.jpeg\" width=\"320\" style=\"position: relative;\"><\/a><a href=\"https:\/\/blogger.googleusercontent.com\/img\/b\/R29vZ2xl\/AVvXsEgUMFYZEJQvb2rV9D8A27aSoFNgkZwmajIrTkLr_vRBWOoY_hsBaWB9uhriYMCVcmIhZMaR3qaRpZME4_o3p6i2H6mTNQxR--EL5USl9cSuENRCoTRU-3d9G1eOunNU0XPiOF8CpVcgx4BQIUIuYFHqzQ5GmHr4_Gkp-oboTONhUUq8jo0GtPsGMWxR\/s2000\/WhatsApp%20Image%202022-06-08%20at%208.22.11%20PM.jpeg\" style=\"text-decoration-line: underline; color: rgb(43, 60, 255); margin-left: 1em; margin-right: 1em;\"><img loading=\"lazy\" decoding=\"async\" border=\"0\" data-original-height=\"1500\" data-original-width=\"2000\" height=\"197\" src=\"https:\/\/blogger.googleusercontent.com\/img\/b\/R29vZ2xl\/AVvXsEgUMFYZEJQvb2rV9D8A27aSoFNgkZwmajIrTkLr_vRBWOoY_hsBaWB9uhriYMCVcmIhZMaR3qaRpZME4_o3p6i2H6mTNQxR--EL5USl9cSuENRCoTRU-3d9G1eOunNU0XPiOF8CpVcgx4BQIUIuYFHqzQ5GmHr4_Gkp-oboTONhUUq8jo0GtPsGMWxR\/w263-h197\/WhatsApp%20Image%202022-06-08%20at%208.22.11%20PM.jpeg\" width=\"263\" style=\"position: relative;\"><\/a><\/div><\/h2>\t\t<\/div>\n\t\t\t\t<\/div>\n\t\t\t\t\t\t<\/div>\n\t\t\t\t\t<\/div>\n\t\t<\/div>\n\t\t\t\t\t\t\t\t<\/div>\n\t\t\t\t\t<\/div>\n\t\t<\/section>\n\t\t\t\t\t\t<\/div>\n\t\t\t\t\t\t<\/div>\n\t\t\t\t\t<\/div>\n\t\t","protected":false},"excerpt":{"rendered":"<p>Mayo 2022 LOS ALUMNOS EN PR\u00c1CTICAS DEL M\u00c1STER UNIVERSITARIO DEL PROFESORADO 21\/22 PARTICIPAN EN EL HUERTO DEL IES SAN SEBASTI\u00c1N DURANTE LOS MESES DE&nbsp; MAYO Y JUNIO (2022) El alumnado en pr\u00e1cticas del IES San Sebasti\u00e1n de Biolog\u00eda y Geolog\u00eda participan en la asignatura Huerto del curso 1\u00ba de la ESO y en el Programa [&hellip;]<\/p>\n","protected":false},"author":1,"featured_media":0,"comment_status":"open","ping_status":"open","sticky":false,"template":"","format":"standard","meta":{"footnotes":""},"categories":[1],"tags":[],"class_list":["post-9335","post","type-post","status-publish","format-standard","hentry","category-biodiversidad"],"_links":{"self":[{"href":"https:\/\/ka229tilt.iessansebastian.com\/index.php\/wp-json\/wp\/v2\/posts\/9335","targetHints":{"allow":["GET"]}}],"collection":[{"href":"https:\/\/ka229tilt.iessansebastian.com\/index.php\/wp-json\/wp\/v2\/posts"}],"about":[{"href":"https:\/\/ka229tilt.iessansebastian.com\/index.php\/wp-json\/wp\/v2\/types\/post"}],"author":[{"embeddable":true,"href":"https:\/\/ka229tilt.iessansebastian.com\/index.php\/wp-json\/wp\/v2\/users\/1"}],"replies":[{"embeddable":true,"href":"https:\/\/ka229tilt.iessansebastian.com\/index.php\/wp-json\/wp\/v2\/comments?post=9335"}],"version-history":[{"count":4,"href":"https:\/\/ka229tilt.iessansebastian.com\/index.php\/wp-json\/wp\/v2\/posts\/9335\/revisions"}],"predecessor-version":[{"id":9339,"href":"https:\/\/ka229tilt.iessansebastian.com\/index.php\/wp-json\/wp\/v2\/posts\/9335\/revisions\/9339"}],"wp:attachment":[{"href":"https:\/\/ka229tilt.iessansebastian.com\/index.php\/wp-json\/wp\/v2\/media?parent=9335"}],"wp:term":[{"taxonomy":"category","embeddable":true,"href":"https:\/\/ka229tilt.iessansebastian.com\/index.php\/wp-json\/wp\/v2\/categories?post=9335"},{"taxonomy":"post_tag","embeddable":true,"href":"https:\/\/ka229tilt.iessansebastian.com\/index.php\/wp-json\/wp\/v2\/tags?post=9335"}],"curies":[{"name":"wp","href":"https:\/\/api.w.org\/{rel}","templated":true}]}}