{"id":10981,"date":"2023-08-12T19:25:21","date_gmt":"2023-08-12T19:25:21","guid":{"rendered":"http:\/\/ka229tilt.iessansebastian.com\/?p=10981"},"modified":"2023-08-12T19:38:02","modified_gmt":"2023-08-12T19:38:02","slug":"cultivo-de-variedades-locales-en-el-eco-huerto-del-parque-moret-huelva","status":"publish","type":"post","link":"https:\/\/ka229tilt.iessansebastian.com\/index.php\/2023\/08\/12\/cultivo-de-variedades-locales-en-el-eco-huerto-del-parque-moret-huelva\/","title":{"rendered":"CULTIVO DE VARIEDADES LOCALES EN EL ECO-HUERTO DEL PARQUE MORET (Huelva)"},"content":{"rendered":"\t\t<div data-elementor-type=\"wp-post\" data-elementor-id=\"10981\" class=\"elementor elementor-10981\" data-elementor-settings=\"[]\">\n\t\t\t\t\t\t<div class=\"elementor-inner\">\n\t\t\t\t\t\t\t<div class=\"elementor-section-wrap\">\n\t\t\t\t\t\t\t<section class=\"elementor-section elementor-top-section elementor-element elementor-element-e83223d elementor-section-boxed elementor-section-height-default elementor-section-height-default\" data-id=\"e83223d\" data-element_type=\"section\">\n\t\t\t\t\t\t<div class=\"elementor-container elementor-column-gap-default\">\n\t\t\t\t\t\t\t<div class=\"elementor-row\">\n\t\t\t\t\t<div class=\"elementor-column elementor-col-100 elementor-top-column elementor-element elementor-element-7e8a1cb\" data-id=\"7e8a1cb\" data-element_type=\"column\">\n\t\t\t<div class=\"elementor-column-wrap elementor-element-populated\">\n\t\t\t\t\t\t\t<div class=\"elementor-widget-wrap\">\n\t\t\t\t\t\t<div class=\"elementor-element elementor-element-a959860 elementor-widget elementor-widget-text-editor\" data-id=\"a959860\" data-element_type=\"widget\" data-widget_type=\"text-editor.default\">\n\t\t\t\t<div class=\"elementor-widget-container\">\n\t\t\t\t\t<div class=\"elementor-text-editor elementor-clearfix\"><div class=\"xdj266r x11i5rnm xat24cr x1mh8g0r x1vvkbs x126k92a\"><div dir=\"auto\"><strong>CULTIVO DE VARIEDADES LOCALES EN EL ECOHUERTO DEL PARQUE MORET\u00a0 (11 de Enero de 2023)<\/strong><\/div><div dir=\"auto\">\u00a0<\/div><\/div><div class=\"x11i5rnm xat24cr x1mh8g0r x1vvkbs xtlvy1s x126k92a\"><div dir=\"auto\">Los alumnos de 1\u00ba de ESO del IES San Sebasti\u00e1n de la materia de Libre Disposici\u00f3n de Huerto Ecol\u00f3gico, que participan en los programas de Innovaci\u00f3n de la Junta de Andaluc\u00eda de ALDEA (Eco-huertos), y en colaboraci\u00f3n con la RED ANDALUZA SEMILLAS (Cultivando Biodiversidad) y tambi\u00e9n en sinergia con los Proyectos de ERASMUS+ relacionados con la sostenibilidad, el KA229: TOGETHER, INVESTIGATE AND LEARN, TO TACKLE CLIMATE ISSUES (TILT) y KA121: \u201cSustainable Education\u201d est\u00e1n realizando cultivos de variedades locales, para estudiar el ciclo completo de la planta.<img loading=\"lazy\" decoding=\"async\" class=\"x1ey2m1c xds687c x5yr21d x10l6tqk x17qophe x13vifvy xh8yej3 alignright\" src=\"https:\/\/scontent-mad2-1.xx.fbcdn.net\/v\/t39.30808-6\/325248019_554192976590511_9089648689576565186_n.jpg?stp=dst-jpg_s600x600&amp;_nc_cat=108&amp;ccb=1-7&amp;_nc_sid=7f8c78&amp;_nc_ohc=sC0rHPzThyEAX9sWMM9&amp;_nc_ht=scontent-mad2-1.xx&amp;oh=00_AfAozlyYe66C7WI48kpa7qeeUv8kwHHMCUf-ouD9ZMX2MA&amp;oe=64DB561D\" alt=\"\" width=\"269\" height=\"359\" \/><\/div><\/div><div class=\"x11i5rnm xat24cr x1mh8g0r x1vvkbs xtlvy1s x126k92a\"><div dir=\"auto\">En el Programa se plantea plantar variedades de invierno y de verano. Se ha comenzado con la siembra de semillas: R\u00e1bano rosa largo de Co\u00edn; R\u00e1bano negro de Co\u00edn; y R\u00e1bano largo de Trebujena. Se les va a hacer un seguimiento desde su germinaci\u00f3n hasta la obtenci\u00f3n de las semillas, y paralelamente a este estudio, los alumnos de 1\u00ba de Bachillerato realizar\u00e1n un trabajo de la fijaci\u00f3n de CO2 por estas las plantas y as\u00ed comprender como un peque\u00f1o huerto tambi\u00e9n es un importante sumidero de CO2.<\/div><\/div><div dir=\"auto\">\u00a0<\/div><div dir=\"auto\">\u00a0<\/div><div dir=\"auto\">\u00a0<\/div><div dir=\"auto\">\u00a0<\/div><div dir=\"auto\">\u00a0<\/div><div dir=\"auto\"><strong>GALERIA DE IM\u00c1GENES:<\/strong><\/div><div dir=\"auto\">\u00a0<\/div><div dir=\"auto\"><img decoding=\"async\" class=\"x1bwycvy x193iq5w x4fas0m x19kjcj4\" src=\"https:\/\/scontent-mad1-1.xx.fbcdn.net\/v\/t39.30808-6\/324770480_740820973726373_6896853844749300988_n.jpg?_nc_cat=103&amp;ccb=1-7&amp;_nc_sid=7f8c78&amp;_nc_ohc=b4-SjA5XGlQAX_ZvkPI&amp;_nc_ht=scontent-mad1-1.xx&amp;oh=00_AfASROlYVVJeoBW644D5gEVvev8RgXOaCuOSXD1Rkza_HA&amp;oe=64DD4B12\" alt=\"No hay ninguna descripci\u00f3n de la foto disponible.\" data-visualcompletion=\"media-vc-image\" \/><img decoding=\"async\" class=\"x1bwycvy x193iq5w x4fas0m x19kjcj4\" src=\"https:\/\/scontent-mad1-1.xx.fbcdn.net\/v\/t39.30808-6\/325129587_3480719075585764_4201689240447434178_n.jpg?_nc_cat=101&amp;ccb=1-7&amp;_nc_sid=7f8c78&amp;_nc_ohc=r8Cp9ydtEe8AX-89tZU&amp;_nc_ht=scontent-mad1-1.xx&amp;oh=00_AfC6Z3clRVANFTKncgxJktFXemWH2rLMCLoYKaKSkfg2kw&amp;oe=64DDC677\" alt=\"No hay ninguna descripci\u00f3n de la foto disponible.\" data-visualcompletion=\"media-vc-image\" \/><\/div><div dir=\"auto\"><img decoding=\"async\" class=\"x1bwycvy x193iq5w x4fas0m x19kjcj4\" src=\"https:\/\/scontent-mad2-1.xx.fbcdn.net\/v\/t39.30808-6\/324934397_866068154635862_2620422264093809345_n.jpg?_nc_cat=110&amp;ccb=1-7&amp;_nc_sid=7f8c78&amp;_nc_ohc=kuxDDAUJiCEAX-XgHWV&amp;_nc_ht=scontent-mad2-1.xx&amp;oh=00_AfBiZINB2UC0hB9-JrR8ivwVDVxAHTl1TDSfAX7A_7sriw&amp;oe=64DD0021\" alt=\"No hay ninguna descripci\u00f3n de la foto disponible.\" data-visualcompletion=\"media-vc-image\" \/><img decoding=\"async\" class=\"x1bwycvy x193iq5w x4fas0m x19kjcj4\" src=\"https:\/\/scontent-mad1-1.xx.fbcdn.net\/v\/t39.30808-6\/325145218_543016187766849_6961464820127443567_n.jpg?_nc_cat=106&amp;ccb=1-7&amp;_nc_sid=7f8c78&amp;_nc_ohc=fI2ty0icQvgAX9LIXuW&amp;_nc_ht=scontent-mad1-1.xx&amp;oh=00_AfDiZ7ad-2BWMt8DgcCoxwhOEDybRtGI6t5Es0TxtphhVw&amp;oe=64DC4CCE\" alt=\"No hay ninguna descripci\u00f3n de la foto disponible.\" data-visualcompletion=\"media-vc-image\" \/><\/div><div dir=\"auto\"><img decoding=\"async\" class=\"x1bwycvy x193iq5w x4fas0m x19kjcj4\" src=\"https:\/\/scontent-mad1-1.xx.fbcdn.net\/v\/t39.30808-6\/324940045_552845553419574_6301490417068210624_n.jpg?_nc_cat=106&amp;ccb=1-7&amp;_nc_sid=7f8c78&amp;_nc_ohc=7xMxMLxXrS4AX9A1Ss8&amp;_nc_ht=scontent-mad1-1.xx&amp;oh=00_AfD0VKazVfMvG0PjfTok9XAwejiyKwm9ZKu17eO8ecY__A&amp;oe=64DBE6B2\" alt=\"No hay ninguna descripci\u00f3n de la foto disponible.\" data-visualcompletion=\"media-vc-image\" \/><\/div><div dir=\"auto\">\u00a0<\/div><\/div>\n\t\t\t\t<\/div>\n\t\t\t\t<\/div>\n\t\t\t\t\t\t<\/div>\n\t\t\t\t\t<\/div>\n\t\t<\/div>\n\t\t\t\t\t\t\t\t<\/div>\n\t\t\t\t\t<\/div>\n\t\t<\/section>\n\t\t\t\t\t\t<\/div>\n\t\t\t\t\t\t<\/div>\n\t\t\t\t\t<\/div>\n\t\t","protected":false},"excerpt":{"rendered":"<p>CULTIVO DE VARIEDADES LOCALES EN EL ECOHUERTO DEL PARQUE MORET&nbsp; (11 de Enero de 2023)&nbsp;Los alumnos de 1\u00ba de ESO del IES San Sebasti\u00e1n de la materia de Libre Disposici\u00f3n de Huerto Ecol\u00f3gico, que participan en los programas de Innovaci\u00f3n de la Junta de Andaluc\u00eda de ALDEA (Eco-huertos), y en colaboraci\u00f3n con la RED ANDALUZA [&hellip;]<\/p>\n","protected":false},"author":1,"featured_media":0,"comment_status":"open","ping_status":"open","sticky":false,"template":"","format":"standard","meta":{"footnotes":""},"categories":[60,36,58,29,24],"tags":[],"class_list":["post-10981","post","type-post","status-publish","format-standard","hentry","category-activities","category-agenda","category-blog","category-ecohuerto","category-sostenibilidad"],"_links":{"self":[{"href":"https:\/\/ka229tilt.iessansebastian.com\/index.php\/wp-json\/wp\/v2\/posts\/10981","targetHints":{"allow":["GET"]}}],"collection":[{"href":"https:\/\/ka229tilt.iessansebastian.com\/index.php\/wp-json\/wp\/v2\/posts"}],"about":[{"href":"https:\/\/ka229tilt.iessansebastian.com\/index.php\/wp-json\/wp\/v2\/types\/post"}],"author":[{"embeddable":true,"href":"https:\/\/ka229tilt.iessansebastian.com\/index.php\/wp-json\/wp\/v2\/users\/1"}],"replies":[{"embeddable":true,"href":"https:\/\/ka229tilt.iessansebastian.com\/index.php\/wp-json\/wp\/v2\/comments?post=10981"}],"version-history":[{"count":8,"href":"https:\/\/ka229tilt.iessansebastian.com\/index.php\/wp-json\/wp\/v2\/posts\/10981\/revisions"}],"predecessor-version":[{"id":10995,"href":"https:\/\/ka229tilt.iessansebastian.com\/index.php\/wp-json\/wp\/v2\/posts\/10981\/revisions\/10995"}],"wp:attachment":[{"href":"https:\/\/ka229tilt.iessansebastian.com\/index.php\/wp-json\/wp\/v2\/media?parent=10981"}],"wp:term":[{"taxonomy":"category","embeddable":true,"href":"https:\/\/ka229tilt.iessansebastian.com\/index.php\/wp-json\/wp\/v2\/categories?post=10981"},{"taxonomy":"post_tag","embeddable":true,"href":"https:\/\/ka229tilt.iessansebastian.com\/index.php\/wp-json\/wp\/v2\/tags?post=10981"}],"curies":[{"name":"wp","href":"https:\/\/api.w.org\/{rel}","templated":true}]}}